{"id":18071,"date":"2024-09-26T15:50:26","date_gmt":"2024-09-26T19:50:26","guid":{"rendered":"https:\/\/chra.bard.edu\/?p=18071"},"modified":"2025-02-12T16:59:40","modified_gmt":"2025-02-12T21:59:40","slug":"fall-2024-news-public-program","status":"publish","type":"post","link":"https:\/\/blogs.bard.edu\/chra\/news\/fall-2024-news-public-program\/","title":{"rendered":"Fall 2024 News &amp; Public Program"},"content":{"rendered":"<p>The fall newsletter is out now. To subscribe to semesterly updates, sign up on our <a href=\"https:\/\/chra.bard.edu\/\">main page<\/a>.<\/p>\n<p><img fetchpriority=\"high\" decoding=\"async\" class=\"alignnone size-full wp-image-18055\" src=\"https:\/\/chra.bard.edu\/files\/2024\/09\/newsletter_2024_spring.png\" alt=\"\" width=\"2188\" height=\"920\" srcset=\"https:\/\/blogs.bard.edu\/chra\/files\/2024\/09\/newsletter_2024_spring.png 2188w, https:\/\/blogs.bard.edu\/chra\/files\/2024\/09\/newsletter_2024_spring-768x323.png 768w, https:\/\/blogs.bard.edu\/chra\/files\/2024\/09\/newsletter_2024_spring-1536x646.png 1536w, https:\/\/blogs.bard.edu\/chra\/files\/2024\/09\/newsletter_2024_spring-2048x861.png 2048w, https:\/\/blogs.bard.edu\/chra\/files\/2024\/09\/newsletter_2024_spring-1320x555.png 1320w\" sizes=\"(max-width: 2188px) 100vw, 2188px\" \/><\/p>\n<p><span style=\"font-weight: 400\">The Center for Human Rights and the Arts at Bard College enters its fifth year with a new international cohort of MA students, a multidisciplinary public program, two book launches, and ongoing collaborations with activists, artists, and scholars from around the world.\u00a0<\/span><\/p>\n<p><b>MA PROGRAM<\/b><\/p>\n<p><span style=\"font-weight: 400\">Our MA in Human Rights and the Arts continues to grow as we welcome our fourth cohort (Class of 2026) to Annandale. <\/span><span style=\"font-weight: 400\">This group of students includes alumni from Al-Quds Bard College and Bard College Berlin and broadens the program\u2019s geographical range to include students from Angola, Brazil, Puerto Rico, and Turkey. First-year MA students will present a Live Art Microfestival, created as part of <\/span><i><span style=\"font-weight: 400\">The Politics of Interactive Live Art <\/span><\/i><span style=\"font-weight: 400\">course taught by Center Director <\/span><a href=\"https:\/\/chra.bard.edu\/person\/tania-el-khoury\/\"><span style=\"font-weight: 400\">Tania El Khoury<\/span><\/a><span style=\"font-weight: 400\">.\u00a0<\/span><\/p>\n<p><span style=\"font-weight: 400\">This fall, we are also continuing with our second-year requirement <\/span><i><span style=\"font-weight: 400\">Practicing Revolutions<\/span><\/i><span style=\"font-weight: 400\">, involving <\/span><span style=\"font-weight: 400\">historical and critical reflection on human rights issues with practical real-world activist projects.<\/span><span style=\"font-weight: 400\"> One group will team up <\/span><span style=\"font-weight: 400\">with CUNY Law students to create videos in support of clemency applications for incarcerated persons in New York. The other half will team up with a network of immigration attorneys to in-take and communicate with asylum seekers.<\/span><\/p>\n<p><span style=\"font-weight: 400\">We continue to draw on the breadth and depth of colleagues across Bard College to make possible a diverse range of electives for our students. This fall they are enrolled in <\/span><i><span style=\"font-weight: 400\">Global Indigenism <\/span><\/i><span style=\"font-weight: 400\">(<\/span><a href=\"https:\/\/www.bard.edu\/faculty\/details\/?id=4572\"><span style=\"font-weight: 400\">Maria Sonevytsky<\/span><\/a><span style=\"font-weight: 400\">); <\/span><i><span style=\"font-weight: 400\">The Middle Sea: Mediterranean Encounters in Italy <\/span><\/i><span style=\"font-weight: 400\">(<\/span><a href=\"https:\/\/www.bard.edu\/faculty\/details\/?id=3687\"><span style=\"font-weight: 400\">Franco Baldasso<\/span><\/a><span style=\"font-weight: 400\">); <\/span><i><span style=\"font-weight: 400\">Theater and Democracy <\/span><\/i><span style=\"font-weight: 400\">(<\/span><a href=\"https:\/\/www.bard.edu\/academics\/faculty\/details\/?id=4534\"><span style=\"font-weight: 400\">Ashley Tata<\/span><\/a><span style=\"font-weight: 400\">); <\/span><i><span style=\"font-weight: 400\">Structuralism and Deconstruction <\/span><\/i><span style=\"font-weight: 400\">(<\/span><a href=\"https:\/\/www.bard.edu\/academics\/faculty\/details\/?id=2061\"><span style=\"font-weight: 400\">Robert Hardwick Weston<\/span><\/a><span style=\"font-weight: 400\">); <\/span><i><span style=\"font-weight: 400\">Exhibiting (Im)mobility <\/span><\/i><span style=\"font-weight: 400\">(<\/span><a href=\"https:\/\/middleeastern.bard.edu\/dina-ramadan\/\"><span style=\"font-weight: 400\">Dina Ramadan<\/span><\/a><span style=\"font-weight: 400\">); and <\/span><i><span style=\"font-weight: 400\">Global Artists\u2019 Networks &amp; Associations <\/span><\/i><span style=\"font-weight: 400\">(<\/span><a href=\"https:\/\/ccs.bard.edu\/people\/2299-serubiri-moses\"><span style=\"font-weight: 400\">Serubiri Moses<\/span><\/a><span style=\"font-weight: 400\">).<\/span><\/p>\n<p><img decoding=\"async\" class=\"alignnone size-full wp-image-18045\" src=\"https:\/\/chra.bard.edu\/files\/2024\/09\/newsletter_2024_spring_01.png\" alt=\"\" width=\"2188\" height=\"920\" srcset=\"https:\/\/blogs.bard.edu\/chra\/files\/2024\/09\/newsletter_2024_spring_01.png 2188w, https:\/\/blogs.bard.edu\/chra\/files\/2024\/09\/newsletter_2024_spring_01-768x323.png 768w, https:\/\/blogs.bard.edu\/chra\/files\/2024\/09\/newsletter_2024_spring_01-1536x646.png 1536w, https:\/\/blogs.bard.edu\/chra\/files\/2024\/09\/newsletter_2024_spring_01-2048x861.png 2048w, https:\/\/blogs.bard.edu\/chra\/files\/2024\/09\/newsletter_2024_spring_01-1320x555.png 1320w\" sizes=\"(max-width: 2188px) 100vw, 2188px\" \/><\/p>\n<p><a href=\"https:\/\/chra.bard.edu\/news\/chra-announces-fall-2024-public-program\/\"><b>FALL PUBLIC PROGRAM<\/b><\/a><\/p>\n<p><span style=\"font-weight: 400\">Tuesday, October 1, 7:00-9:00pm in Preston Theater; Film Screening<\/span><span style=\"font-weight: 400\"><br \/>\n<\/span><a href=\"https:\/\/chra.bard.edu\/event\/film-screening-unlearning-imperial-plunder\/\"><i><span style=\"font-weight: 400\">Un-Documented<\/span><\/i><span style=\"font-weight: 400\"> and <\/span><i><span style=\"font-weight: 400\">the world like a jewel in the hand<\/span><\/i><\/a><span style=\"font-weight: 400\"> by Ariella A\u00efsha Azoulay.<\/span><\/p>\n<p><span style=\"font-weight: 400\">Tuesday, October 8, 6:00pm in RKC 103; Talk<\/span><span style=\"font-weight: 400\"><br \/>\n<\/span><a href=\"https:\/\/chra.bard.edu\/event\/ariella-aisha-azoulay-unlearning-at-the-threshold-of-the-museum\/\"><span style=\"font-weight: 400\">Unlearning at the Threshold of the Museum<\/span> <\/a><span style=\"font-weight: 400\">by Ariella A\u00efsha Azoulay.<\/span><\/p>\n<p><span style=\"font-weight: 400\">Thursday, October 31, 10:30am; Online Panel<\/span><span style=\"font-weight: 400\"><br \/>\n<\/span><a href=\"https:\/\/chra.bard.edu\/event\/one-year-on-war-genocide\/\"><span style=\"font-weight: 400\">One Year On: War, Genocide, and the Transformation of Palestinian, Israeli, and Regional Politics<\/span><\/a> <span style=\"font-weight: 400\">by Tareq Baconi, Asl\u0131 \u00dc. B\u00e2li, and Shay Hazkani.<\/span><\/p>\n<p><span style=\"font-weight: 400\">Friday, November 8, 12:30pm; Webinar Talk<\/span><span style=\"font-weight: 400\"><br \/>\n<\/span><a href=\"https:\/\/chra.bard.edu\/event\/brenna-bhandar-the-racial-politics-of-pre-emption-property-power-and-deputization\/\"><span style=\"font-weight: 400\">The Racial Politics of Pre-Emption: Property, Power and Deputization<\/span><\/a><span style=\"font-weight: 400\"> by Brenna Bhandar.<\/span><\/p>\n<p><span style=\"font-weight: 400\">Tuesday, November 19, 6:00pm in Barringer Global Classroom; Book Launch<\/span><span style=\"font-weight: 400\"><br \/>\n<\/span><a href=\"https:\/\/chra.bard.edu\/aip-projects\/alarm-phone\/\"><span style=\"font-weight: 400\">A Behind the Scene Look into 10 Years of AP<\/span><\/a> <span style=\"font-weight: 400\">by Alarm Phone.<\/span><\/p>\n<p><span style=\"font-weight: 400\">Tuesday, December 3, 7:15pm in Olin 102; Film Screening and Q&amp;A<\/span><span style=\"font-weight: 400\"><br \/>\n<\/span><i><span style=\"font-weight: 400\">It Will Be Chaos<\/span><\/i><span style=\"font-weight: 400\">by Filippo Piscopo and Lorena Luciano with Franco Baldasso.<\/span><\/p>\n<p><span style=\"font-weight: 400\">December 10-11 at Various Locations Across Bard College Annandale Campus<\/span><span style=\"font-weight: 400\"><br \/>\n<\/span><a href=\"https:\/\/chra.bard.edu\/ma\/student-work\/\"><span style=\"font-weight: 400\">Live Art Microfestival<\/span><\/a> <span style=\"font-weight: 400\">by First-Year MA Students.<\/span><\/p>\n<p><img decoding=\"async\" class=\" wp-image-18017\" src=\"https:\/\/chra.bard.edu\/files\/2024\/09\/Screen-Shot-2024-09-12-at-3.23.56-PM-Large.jpeg\" alt=\"\" width=\"916\" height=\"515\" srcset=\"https:\/\/blogs.bard.edu\/chra\/files\/2024\/09\/Screen-Shot-2024-09-12-at-3.23.56-PM-Large.jpeg 1280w, https:\/\/blogs.bard.edu\/chra\/files\/2024\/09\/Screen-Shot-2024-09-12-at-3.23.56-PM-Large-768x432.jpeg 768w\" sizes=\"(max-width: 916px) 100vw, 916px\" \/><\/p>\n<p><b><i>THE LAWLESSNESS OF RIGHTS: TALKS ON HUMAN RIGHTS &amp; THE ARTS 2<\/i><\/b><b>\u00a0<\/b><\/p>\n<p><span style=\"font-weight: 400\">Our second volume in Talks on Human Rights &amp; the Arts, <\/span><a href=\"https:\/\/chra.bard.edu\/resource\/lawlessness-of-rights\/\"><i><span style=\"font-weight: 400\">The Lawlessness of Rights<\/span><\/i><\/a><span style=\"font-weight: 400\">, is available digitally on our website and in print via <\/span><a href=\"https:\/\/www.printedmatter.org\/catalog\/66028\/\"><span style=\"font-weight: 400\">Printed Matter, Inc<\/span><\/a><span style=\"font-weight: 400\">. It contains essays based on talks by scholars <\/span><a href=\"https:\/\/chra.bard.edu\/event\/kendall-thomas\/\"><span style=\"font-weight: 400\">Kendall Thomas<\/span><\/a><span style=\"font-weight: 400\"> and <\/span><a href=\"https:\/\/chra.bard.edu\/event\/sayak-valencia-the-livestreaming-regime-from-gore-capitalism-to-contemporary-snuff-politics\/\"><span style=\"font-weight: 400\">Sayak Valencia<\/span><\/a><span style=\"font-weight: 400\">; artists <\/span><a href=\"https:\/\/chra.bard.edu\/event\/bhenji-ra\/\"><span style=\"font-weight: 400\">Bhenji Ra<\/span><\/a><span style=\"font-weight: 400\"> and <\/span><a href=\"https:\/\/chra.bard.edu\/event\/lawrence-abu-hamdan\/\"><span style=\"font-weight: 400\">Lawrence Abu Hamdan<\/span><\/a><span style=\"font-weight: 400\">, as well as writers <\/span><a href=\"https:\/\/chra.bard.edu\/event\/githa-hariharan-the-writer-in-search-of-citizenship\/\"><span style=\"font-weight: 400\">Githa Hariharan<\/span><\/a><span style=\"font-weight: 400\">, <\/span><a href=\"https:\/\/chra.bard.edu\/event\/layli-long-soldier\/\"><span style=\"font-weight: 400\">Layli Long Soldier<\/span><\/a><span style=\"font-weight: 400\">, and <\/span><a href=\"https:\/\/chra.bard.edu\/event\/mohammed-el-kurd\/\"><span style=\"font-weight: 400\">Mohammed El-Kurd<\/span><\/a><span style=\"font-weight: 400\">. The book was edited by Tania El Khoury with an afterword by Bassem Saad. It is designed by Will Brady with illustrations by <\/span><a href=\"https:\/\/chra.bard.edu\/person\/haitham-haddad\/\"><span style=\"font-weight: 400\">Haitham Haddad<\/span><\/a><span style=\"font-weight: 400\">.<\/span><\/p>\n<p><span style=\"font-weight: 400\">Our first volume, <\/span><i><span style=\"font-weight: 400\">Through the Ruins<\/span><\/i><span style=\"font-weight: 400\">, is available in digital format on our<\/span><a href=\"https:\/\/chra.bard.edu\/resource\/through-the-ruins\/\"> <span style=\"font-weight: 400\">website<\/span><\/a><span style=\"font-weight: 400\">, and you can buy physical copies at<\/span><a href=\"https:\/\/www.barnesandnoble.com\/w\/through-the-ruins-fawz-kabra\/1143733421\"> <span style=\"font-weight: 400\">Barnes &amp; Noble<\/span><\/a><span style=\"font-weight: 400\"> and other sellers.<\/span><\/p>\n<p><b>WORKSHOP: PERPETRATOR-MADE IMAGES<\/b><\/p>\n<p><a href=\"https:\/\/chra.bard.edu\/person\/thomas-keenan\/\"><span style=\"font-weight: 400\">Thomas Keenan<\/span><\/a><span style=\"font-weight: 400\"> (Co-Founder of CHRA and Director of Bard\u2019s Human Rights Project) hosted a workshop in conjunction with Bard College and University of Copenhagen on perpetrator-made images. As camera technologies have advanced and proliferated, new forms of these images have emerged, including live-streamed terror attacks, bodycam and dashcam footage of police encounters with civilians, and surveillance images of various sorts. These images document violence, yet often the images are part of that very violence. Workshop participants discussed the ethics around perpetrator-made images and how they are used and viewed within various fields (journalism, law, art, etc.) in an era of fast-paced production, dissemination, and altering of images.<\/span><\/p>\n<p>&nbsp;<\/p>\n<p><img loading=\"lazy\" decoding=\"async\" class=\"wp-image-18031 aligncenter\" src=\"https:\/\/chra.bard.edu\/files\/2024\/09\/CHRA_AP_scrapbook_draft_2406-dragged.jpg\" alt=\"\" width=\"858\" height=\"608\" srcset=\"https:\/\/blogs.bard.edu\/chra\/files\/2024\/09\/CHRA_AP_scrapbook_draft_2406-dragged.jpg 839w, https:\/\/blogs.bard.edu\/chra\/files\/2024\/09\/CHRA_AP_scrapbook_draft_2406-dragged-768x545.jpg 768w\" sizes=\"(max-width: 858px) 100vw, 858px\" \/><\/p>\n<p><b>ACTIVISM IN PROCESS<\/b><\/p>\n<p><span style=\"font-weight: 400\">CHRA resumes its collaboration with its Activism in Process partners, <\/span><a href=\"https:\/\/chra.bard.edu\/aip-projects\/alarm-phone\/\"><span style=\"font-weight: 400\">Alarm Phone <\/span><\/a><span style=\"font-weight: 400\">and <\/span><a href=\"https:\/\/chra.bard.edu\/aip-projects\/commoning\/\"><span style=\"font-weight: 400\">Commoning<\/span><\/a><span style=\"font-weight: 400\">. Generating from this collaboration, Alarm Phone will launch a scrapbook marking ten years of their life-saving work, highlighting personal experiences, reflections on the movement, and documentation through experimental forms of writing and image-making.<\/span><\/p>\n<p><span style=\"font-weight: 400\">Commoning will launch an Arabic-language website that will house resources for projects invested in collective social organizing, as well as those involved in the politics of the commons.\u00a0<\/span><\/p>\n<p><b>FACULTY &amp; STUDENT NEWS<\/b><\/p>\n<p><span style=\"font-weight: 400\">Last spring, our second cohort of fourteen students graduated after a successful <\/span><a href=\"https:\/\/chra.bard.edu\/thesis-year\/2023-2024\/\"><span style=\"font-weight: 400\">thesis exhibition<\/span><\/a><span style=\"font-weight: 400\"> featuring projects that included a data-rich analysis of LGBTQ+ representation in Russian independent media, a study of the fragmented visual archive of the Palestine Film Unit, an architectural investigation of women\u2019s access to public space in Jordan, and a performance-installation assessing the convergence between artificial intelligence and vegetative life, among others. The exhibition primarily took place on the premises of Bard College\u2019s new Massena campus, which is the setting for CHRA\u2019s new classroom and studio spaces. Read the Open Society University Network\u2019s (OSUN) article about the exhibition <\/span><a href=\"https:\/\/opensocietyuniversitynetwork.org\/newsroom\/material-as-witness-third-cohort-of-human-rights-the-arts-ma-students-present-thesis-projects-2024-05-10?utm_campaign=later-linkinbio-opensocietyuniversitynetwork&amp;utm_content=later-43082390&amp;utm_medium=social&amp;utm_source=linkin.bio\"><span style=\"font-weight: 400\">here<\/span><\/a><span style=\"font-weight: 400\">.<\/span><\/p>\n<p><span style=\"font-weight: 400\">Several of our current MA students secured grants for travel to and research in Abu Dis, Palestine; Bogota, Colombia; Budapest, Hungary; Dhaka, Bangladesh; and Vienna, Austria. These grants were part of different opportunities provided by OSUN. While some utilized these funds for preliminary research on their thesis projects, others used them to support new or existing engagements in localized struggles for human rights and knowledge production about them.\u00a0<\/span><\/p>\n<p><span style=\"font-weight: 400\">This past summer, <\/span><a href=\"https:\/\/chra.bard.edu\/person\/gideon-lester\/\"><span style=\"font-weight: 400\">Gideon Lester<\/span><\/a><span style=\"font-weight: 400\"> (Senior Curator for CHRA and Artistic Director of the Fisher Center) oversaw the annual Bard SummerScape festival at the Fisher Center, with new commissions in dance, theater, and opera, as well as the Bard Music Festival and Spiegeltent.<\/span><\/p>\n<p><span style=\"font-weight: 400\">CHRA director Tania El Khoury\u2019s artwork is the subject of a newly-published edited volume. <\/span><a href=\"https:\/\/chra.bard.edu\/news\/tania-el-khourys-artwork-subject-of-new-edited-volume\/\"><i><span style=\"font-weight: 400\">Tania El Khoury\u2019s Live Art: Collaborative Knowledge Production<\/span><\/i><\/a> <span style=\"font-weight: 400\">(Amherst College Press). It is co-edited by Laurel V. McLaughlin and Carrie Robbins and examines El Khoury\u2019s live art practice.\u00a0<\/span><\/p>\n<p><b>ABOUT CHRA<\/b><\/p>\n<p><span style=\"font-weight: 400\">The Center for Human Rights &amp; the Arts at Bard College is an artist-led center that researches and supports art and activist practices globally. It hosts an international MA Program in Human Rights and the Arts. The Center teaches, studies, and engages innovative art practices that investigate human rights violations and grassroots activism that uses creative tools of resistance.<\/span><\/p>\n<h6><em><span style=\"font-weight: 400\">Image Credits: <\/span><\/em><em><span style=\"font-weight: 400\">Graphic Design by Haitham Haddad<\/span><\/em><\/h6>\n<h6><em><span style=\"font-weight: 400\">Alarm Phone Scrapbook: A Behind the Scenes Look Into 10 Years of Alarm Phone<\/span><\/em><\/h6>\n<h6><em><span style=\"font-weight: 400\">Photographs by Grace Crummett &amp; Aya Rebai<\/span><\/em><\/h6>\n<p><span style=\"font-weight: 400\">Center for Human Rights and the Arts at Bard College<\/span><\/p>\n<p><span style=\"font-weight: 400\">30 Campus Rd, Annandale-On-Hudson, NY 12504<\/span><\/p>\n<p><a href=\"mailto:chra@bard.edu\"><span style=\"font-weight: 400\">chra@bard.edu<\/span><\/a><\/p>\n<p><span style=\"font-weight: 400\">www.chra.bard.edu<\/span><\/p>\n","protected":false},"excerpt":{"rendered":"<p>The fall newsletter is out now. To subscribe to semesterly updates, sign up on our main page. The Center for Human Rights and the Arts at Bard College enters its [&hellip;]<\/p>\n","protected":false},"author":1673,"featured_media":18074,"comment_status":"open","ping_status":"open","sticky":false,"template":"","format":"standard","meta":{"_acf_changed":false,"_jetpack_memberships_contains_paid_content":false,"footnotes":"","_links_to":"","_links_to_target":""},"categories":[82],"tags":[],"class_list":["post-18071","post","type-post","status-publish","format-standard","has-post-thumbnail","hentry","category-news"],"acf":[],"jetpack_featured_media_url":"https:\/\/blogs.bard.edu\/chra\/files\/2024\/09\/Untitled-design.png","jetpack_sharing_enabled":true,"_links":{"self":[{"href":"https:\/\/blogs.bard.edu\/chra\/wp-json\/wp\/v2\/posts\/18071","targetHints":{"allow":["GET"]}}],"collection":[{"href":"https:\/\/blogs.bard.edu\/chra\/wp-json\/wp\/v2\/posts"}],"about":[{"href":"https:\/\/blogs.bard.edu\/chra\/wp-json\/wp\/v2\/types\/post"}],"author":[{"embeddable":true,"href":"https:\/\/blogs.bard.edu\/chra\/wp-json\/wp\/v2\/users\/1673"}],"replies":[{"embeddable":true,"href":"https:\/\/blogs.bard.edu\/chra\/wp-json\/wp\/v2\/comments?post=18071"}],"version-history":[{"count":5,"href":"https:\/\/blogs.bard.edu\/chra\/wp-json\/wp\/v2\/posts\/18071\/revisions"}],"predecessor-version":[{"id":18919,"href":"https:\/\/blogs.bard.edu\/chra\/wp-json\/wp\/v2\/posts\/18071\/revisions\/18919"}],"wp:featuredmedia":[{"embeddable":true,"href":"https:\/\/blogs.bard.edu\/chra\/wp-json\/wp\/v2\/media\/18074"}],"wp:attachment":[{"href":"https:\/\/blogs.bard.edu\/chra\/wp-json\/wp\/v2\/media?parent=18071"}],"wp:term":[{"taxonomy":"category","embeddable":true,"href":"https:\/\/blogs.bard.edu\/chra\/wp-json\/wp\/v2\/categories?post=18071"},{"taxonomy":"post_tag","embeddable":true,"href":"https:\/\/blogs.bard.edu\/chra\/wp-json\/wp\/v2\/tags?post=18071"}],"curies":[{"name":"wp","href":"https:\/\/api.w.org\/{rel}","templated":true}]}}