{"id":17939,"date":"2024-09-03T14:34:29","date_gmt":"2024-09-03T18:34:29","guid":{"rendered":"https:\/\/chra.bard.edu\/?p=17939"},"modified":"2024-09-04T13:40:07","modified_gmt":"2024-09-04T17:40:07","slug":"chra-announces-fall-2024-public-program","status":"publish","type":"post","link":"https:\/\/blogs.bard.edu\/chra\/news\/chra-announces-fall-2024-public-program\/","title":{"rendered":"CHRA Announces Fall 2024 Public Program"},"content":{"rendered":"<p>The Center for Human Rights and the Arts is pleased to announce its Fall Public Program. The new line-up includes Films-Screening and an in-person Talk by Ariella A\u00efsha Azoulay, co-organized with The Human Rights Project; an Online-Panel with <span style=\"font-weight: 400\">Tareq Baconi, Asl\u0131 \u00dc. B\u00e2li, and Shay Hazkani; a Webinar Talk by <\/span><span style=\"font-weight: 400\">Brenna Bhandar co-hosted with Bard Architecture and the Bard Center for Indigenous Studies; a Book Launch with our Activism in Process partners Alarm Phone; a Film Screening followed by a Q&amp;A with Filippo Piscopo, and Lorena Luciano; <\/span>and a Live Art Microfestival\u00a0<span style=\"font-weight: 400\">by First-Year MA Students.\u00a0<\/span><\/p>\n<p><img fetchpriority=\"high\" decoding=\"async\" class=\"alignnone size-full wp-image-17940\" src=\"https:\/\/chra.bard.edu\/files\/2024\/09\/CHRA_POSTER_A.png\" alt=\"\" width=\"793\" height=\"1224\" srcset=\"https:\/\/blogs.bard.edu\/chra\/files\/2024\/09\/CHRA_POSTER_A.png 793w, https:\/\/blogs.bard.edu\/chra\/files\/2024\/09\/CHRA_POSTER_A-768x1185.png 768w\" sizes=\"(max-width: 793px) 100vw, 793px\" \/><\/p>\n<p><span style=\"font-weight: 400\">Tuesday, October 1st, 2024\u00a0<\/span><\/p>\n<p><span style=\"font-weight: 400\">7:00-9:00 pm\u00a0<\/span><\/p>\n<p><span style=\"font-weight: 400\">Film Screening\u00a0<\/span><\/p>\n<p><b>Un-Documented (2019) and The World Like a Jewel in the Hand (2022)<\/b><span style=\"font-weight: 400\">\u00a0<\/span><\/p>\n<p><span style=\"font-weight: 400\">Ariella A\u00efsha Azoulay\u00a0<\/span><\/p>\n<p>&nbsp;<\/p>\n<p><span style=\"font-weight: 400\">Tuesday, October 8th, 2024\u00a0<\/span><\/p>\n<p><span style=\"font-weight: 400\">6:00pm\u00a0<\/span><\/p>\n<p><span style=\"font-weight: 400\">In-Person Talk<\/span><a href=\"https:\/\/chra.bard.edu\/event\/ariella-aisha-azoulay-unlearning-at-the-threshold-of-the-museum\/\"><span style=\"font-weight: 400\">\u00a0<\/span><\/a><\/p>\n<p><a href=\"https:\/\/chra.bard.edu\/event\/ariella-aisha-azoulay-unlearning-at-the-threshold-of-the-museum\/\"><b>Unlearning at the Threshold of the Museum<\/b><\/a><span style=\"font-weight: 400\">\u00a0<\/span><\/p>\n<p><span style=\"font-weight: 400\">Ariella A\u00efsha Azoulay\u00a0<\/span><\/p>\n<p>&nbsp;<\/p>\n<p><span style=\"font-weight: 400\">Thursday, October 31 2024\u00a0<\/span><\/p>\n<p><span style=\"font-weight: 400\">10:30 am\u00a0<\/span><\/p>\n<p><span style=\"font-weight: 400\">Online Panel\u00a0<\/span><\/p>\n<p><b>One Year On: War, Genocide, and the Transformation of Palestinian, Israeli, and Regional Politics<\/b><span style=\"font-weight: 400\">\u00a0<\/span><\/p>\n<p><span style=\"font-weight: 400\">Tareq Baconi, Asl\u0131 \u00dc. B\u00e2li, and Shay Hazkani\u00a0<\/span><\/p>\n<p>&nbsp;<\/p>\n<p><span style=\"font-weight: 400\">Friday, November 8, 2024\u00a0<\/span><\/p>\n<p><span style=\"font-weight: 400\">12:30 pm\u00a0<\/span><\/p>\n<p><span style=\"font-weight: 400\">Webinar Talk<\/span><a href=\"https:\/\/chra.bard.edu\/event\/brenna-bhandar-the-racial-politics-of-pre-emption-property-power-and-deputization\/\"><span style=\"font-weight: 400\">\u00a0<\/span><\/a><\/p>\n<p><a href=\"https:\/\/chra.bard.edu\/event\/brenna-bhandar-the-racial-politics-of-pre-emption-property-power-and-deputization\/\"><b>The Racial Politics of Pre-Emption: Property, Power and Deputization<\/b><\/a><span style=\"font-weight: 400\">\u00a0<\/span><\/p>\n<p><span style=\"font-weight: 400\">Brenna Bhandar\u00a0<\/span><\/p>\n<p>&nbsp;<\/p>\n<p><span style=\"font-weight: 400\">Tuesday, 19 November, 2024\u00a0<\/span><\/p>\n<p><span style=\"font-weight: 400\">6:00 pm\u00a0<\/span><\/p>\n<p><span style=\"font-weight: 400\">Book Launch\u00a0<\/span><\/p>\n<p><b>A Behind the Scene Look into 10 Years of AP<\/b><span style=\"font-weight: 400\">\u00a0<\/span><\/p>\n<p><span style=\"font-weight: 400\">Alarm Phone\u00a0\u00a0\u00a0<\/span><\/p>\n<p>&nbsp;<\/p>\n<p><span style=\"font-weight: 400\">Tuesday, December 3, 2024\u00a0<\/span><\/p>\n<p><span style=\"font-weight: 400\">7:15pm\u00a0<\/span><\/p>\n<p><span style=\"font-weight: 400\">Screening &amp; Q&amp;A\u00a0<\/span><\/p>\n<p><b>It Will Be Chaos (2018)<\/b><span style=\"font-weight: 400\">\u00a0<\/span><\/p>\n<p><span style=\"font-weight: 400\">Filippo Piscopo, Lorena Luciano. Moderated by Franco Baldasso\u00a0<\/span><\/p>\n<p>&nbsp;<\/p>\n<p><span style=\"font-weight: 400\">December 10 &#8211; 11, 2024\u00a0<\/span><\/p>\n<p><span style=\"font-weight: 400\">5:00\u20138:00 pm\u00a0<\/span><\/p>\n<p><b>Live Art Microfestival\u00a0<\/b><\/p>\n<p><span style=\"font-weight: 400\">First-Year MA Students <\/span><\/p>\n","protected":false},"excerpt":{"rendered":"<p>The Center for Human Rights and the Arts is pleased to announce its Fall Public Program. The new line-up includes Films-Screening and an in-person Talk by Ariella A\u00efsha Azoulay, co-organized [&hellip;]<\/p>\n","protected":false},"author":1685,"featured_media":0,"comment_status":"open","ping_status":"open","sticky":false,"template":"","format":"standard","meta":{"_acf_changed":false,"_jetpack_memberships_contains_paid_content":false,"footnotes":"","_links_to":"","_links_to_target":""},"categories":[82],"tags":[255,254],"class_list":["post-17939","post","type-post","status-publish","format-standard","hentry","category-news","tag-fall-2024-public-program","tag-public-program"],"acf":[],"jetpack_featured_media_url":"","jetpack_sharing_enabled":true,"_links":{"self":[{"href":"https:\/\/blogs.bard.edu\/chra\/wp-json\/wp\/v2\/posts\/17939","targetHints":{"allow":["GET"]}}],"collection":[{"href":"https:\/\/blogs.bard.edu\/chra\/wp-json\/wp\/v2\/posts"}],"about":[{"href":"https:\/\/blogs.bard.edu\/chra\/wp-json\/wp\/v2\/types\/post"}],"author":[{"embeddable":true,"href":"https:\/\/blogs.bard.edu\/chra\/wp-json\/wp\/v2\/users\/1685"}],"replies":[{"embeddable":true,"href":"https:\/\/blogs.bard.edu\/chra\/wp-json\/wp\/v2\/comments?post=17939"}],"version-history":[{"count":7,"href":"https:\/\/blogs.bard.edu\/chra\/wp-json\/wp\/v2\/posts\/17939\/revisions"}],"predecessor-version":[{"id":17966,"href":"https:\/\/blogs.bard.edu\/chra\/wp-json\/wp\/v2\/posts\/17939\/revisions\/17966"}],"wp:attachment":[{"href":"https:\/\/blogs.bard.edu\/chra\/wp-json\/wp\/v2\/media?parent=17939"}],"wp:term":[{"taxonomy":"category","embeddable":true,"href":"https:\/\/blogs.bard.edu\/chra\/wp-json\/wp\/v2\/categories?post=17939"},{"taxonomy":"post_tag","embeddable":true,"href":"https:\/\/blogs.bard.edu\/chra\/wp-json\/wp\/v2\/tags?post=17939"}],"curies":[{"name":"wp","href":"https:\/\/api.w.org\/{rel}","templated":true}]}}