{"id":13124,"date":"2023-02-03T12:02:03","date_gmt":"2023-02-03T17:02:03","guid":{"rendered":"https:\/\/chra.bard.edu\/?p=13124"},"modified":"2023-02-03T13:13:30","modified_gmt":"2023-02-03T18:13:30","slug":"chra-announces-spring-2023-public-programs","status":"publish","type":"post","link":"https:\/\/blogs.bard.edu\/chra\/news\/chra-announces-spring-2023-public-programs\/","title":{"rendered":"CHRA Announces Spring 2023 Public Programs"},"content":{"rendered":"<p style=\"text-align: left\">The OSUN Center for Human Rights and the Arts at Bard College (CHRA) is pleased to announce its Spring 2023 public programming. The new lineup, listed below, includes online talks, in-person film screenings and discussions, and workshops with artists, activists, and OSUN colleagues and their local communities.<\/p>\n<p style=\"text-align: left\">This semester also includes the continuation of <em><a href=\"https:\/\/fishercenter.bard.edu\/whats-on\/programs\/common-ground\/\" target=\"_blank\" rel=\"noopener\" data-saferedirecturl=\"https:\/\/www.google.com\/url?q=https:\/\/fishercenter.bard.edu\/whats-on\/programs\/common-ground\/&amp;source=gmail&amp;ust=1675446156549000&amp;usg=AOvVaw14iGyQYtjU4MWcCcrtgLGF\">C<\/a><a href=\"https:\/\/fishercenter.bard.edu\/whats-on\/programs\/common-ground\/\" target=\"_blank\" rel=\"noopener\" data-saferedirecturl=\"https:\/\/www.google.com\/url?q=https:\/\/fishercenter.bard.edu\/whats-on\/programs\/common-ground\/&amp;source=gmail&amp;ust=1675446156549000&amp;usg=AOvVaw14iGyQYtjU4MWcCcrtgLGF\">ommon Ground: an international festival on the politics of land and food<\/a><\/em>, in collaboration with the Fisher Center at Bard. As part of Common Ground, CHRA is supporting three international curatorial projects that are site-responsive and created in collaboration with OSUN students and faculty: <a href=\"https:\/\/www.google.com\/url?q=https:\/\/chra.bard.edu\/network-projects\/common-ground\/ecotone\/&amp;sa=D&amp;source=docs&amp;ust=1675201421841971&amp;usg=AOvVaw0kBD_Rzn8GM8EzhYxqQ6Ed\" target=\"_blank\" rel=\"noopener\" data-saferedirecturl=\"https:\/\/www.google.com\/url?q=https:\/\/www.google.com\/url?q%3Dhttps:\/\/chra.bard.edu\/network-projects\/common-ground\/ecotone\/%26sa%3DD%26source%3Ddocs%26ust%3D1675201421841971%26usg%3DAOvVaw0kBD_Rzn8GM8EzhYxqQ6Ed&amp;source=gmail&amp;ust=1675446156549000&amp;usg=AOvVaw1QU5SGg_jDYUGsHxXrSDli\"><em>Ecotone: Chagras, Payaos, Camellones<\/em><\/a>, in Colombia; <em><a href=\"https:\/\/chra.bard.edu\/network-projects\/common-ground\/revolutionary-letter-7\/\" target=\"_blank\" rel=\"noopener\" data-saferedirecturl=\"https:\/\/www.google.com\/url?q=https:\/\/chra.bard.edu\/network-projects\/common-ground\/revolutionary-letter-7\/&amp;source=gmail&amp;ust=1675446156549000&amp;usg=AOvVaw2gq2Im4vum4exLfH-b3XIb\">Revolutionary Letter #7<\/a><\/em>,\u00a0 in Palestine; and <a href=\"https:\/\/chra.bard.edu\/network-projects\/common-ground\/umhlaba-wolahleko\/\" target=\"_blank\" rel=\"noopener\" data-saferedirecturl=\"https:\/\/www.google.com\/url?q=https:\/\/chra.bard.edu\/network-projects\/common-ground\/umhlaba-wolahleko\/&amp;source=gmail&amp;ust=1675446156549000&amp;usg=AOvVaw194ad8myzo2UgCILzAtx6H\"><em>Umhlaba Wolahleko<\/em><\/a>, in South Africa.<\/p>\n<p style=\"text-align: left\">The semester will end with the\u00a0graduation of the inaugural cohort of students in the Human Rights and the Arts MA program, including an exhibition featuring their thesis projects.Schedule below.<\/p>\n<p style=\"text-align: left\">For more information about events, please <a href=\"https:\/\/www.instagram.com\/chra_osun\/\">follow CHRA<\/a> or visit <a href=\"https:\/\/chra.bard.edu\/events\/\">chra.bard.edu\/events<\/a>.<\/p>\n<p style=\"text-align: left\"><a href=\"https:\/\/chra.bard.edu\/event\/danielle-purifoy\/\">Friday, February 10, 12 pm EST<\/a><br \/>\nOnline Workshop<br \/>\n<strong>DANIELLE PURIFOY:\u00a0<i>\u201cRemote Control\u201d: Plantations and Black Forest Ecologies in the Black Belt<\/i><\/strong><\/p>\n<p style=\"text-align: left\" data-hide-on-mobile=\"false\">Friday, February 17,\u00a010 am \u2013 1 pm EST<br \/>\nOnline Workshop<br \/>\n<strong>THE LAAB:\u00a0<i>Myths and Other Public Secrets<\/i><\/strong><\/p>\n<p style=\"text-align: left\">Friday,\u00a0February 24,\u00a012 pm EST<br \/>\nWebinar Talk<br \/>\n<strong>BAHA HILO:\u00a0<i>The Olives of Palestine<\/i><\/strong><\/p>\n<p style=\"text-align: left\">Wednesday, March 1,\u00a05 pm EST<br \/>\nScreening &amp; Talk<br \/>\n<strong>ELIANE RAHEB (WITH SABINE EL CHAMAA):\u00a0<i>Miguel\u2019s War<\/i><\/strong><\/p>\n<p style=\"text-align: left\">Monday, March 27,\u00a05 pm EDT<br \/>\nScreening &amp; Talk<br \/>\n<strong>LARA FRESKO MADRA (WITH THOMAS KEENAN):\u00a0<i>Archival Collective Counter-Imagination, Part 1: Rojava Film Commune<\/i><\/strong><\/p>\n<p style=\"text-align: left\">Friday, March 31,\u00a011 am \u2013 1 pm EDT<br \/>\nOnline Workshop<br \/>\n<strong>ECCHR:\u00a0<i>The Living Open Archive: Visualizing Human Rights Narratives and Contextualizing Legal Interventions<\/i><\/strong><\/p>\n<p style=\"text-align: left\">Monday, April 3,\u00a05 pm EDT<br \/>\nScreening &amp; Talk<br \/>\n<strong>MUSTAFA EMIN B\u00dcY\u00dcKCO\u015eKUN (WITH LARA FRESKO MADRA):\u00a0<i>Archival Collective Counter-Imagination, Part 2: Material Aesthetic Research Collective<br \/>\n<\/i><\/strong><br \/>\nWednesday, April 12,\u00a05:15 pm EDT<br \/>\nScreening &amp; Talk<br \/>\n<strong>SABINE EL CHAMAA:\u00a0<i>As if her song could have no ending<\/i><\/strong><\/p>\n<p style=\"text-align: left\">Friday, April 14,\u00a011 am \u2013 1 pm EDT<br \/>\nOnline Workshop<br \/>\n<strong>COLOMBIA FORENSIC ARCHITECTURE:\u00a0<i>Monopolies of Violence, Visual Approaches to Police Brutality<\/i><\/strong><\/p>\n<p style=\"text-align: left\">April 24 \u2015 May 5<br \/>\n<strong>MA THESIS EXHIBITION<\/strong><\/p>\n<p style=\"text-align: left\">Tuesday, May 9<br \/>\n<strong>FIRST-YEAR STUDENTS: <em>Spring Micro-festival<\/em><\/strong><\/p>\n<p style=\"text-align: left\">May 4 \u2015 7<br \/>\n<strong>FISHER CENTER LAB BIENNIAL: <\/strong><em><strong><a href=\"https:\/\/fishercenter.bard.edu\/whats-on\/programs\/common-ground\/\" target=\"_blank\" rel=\"noopener\" data-saferedirecturl=\"https:\/\/www.google.com\/url?q=https:\/\/fishercenter.bard.edu\/whats-on\/programs\/common-ground\/&amp;source=gmail&amp;ust=1675446156549000&amp;usg=AOvVaw14iGyQYtjU4MWcCcrtgLGF\">C<\/a><a href=\"https:\/\/fishercenter.bard.edu\/whats-on\/programs\/common-ground\/\" target=\"_blank\" rel=\"noopener\" data-saferedirecturl=\"https:\/\/www.google.com\/url?q=https:\/\/fishercenter.bard.edu\/whats-on\/programs\/common-ground\/&amp;source=gmail&amp;ust=1675446156549000&amp;usg=AOvVaw14iGyQYtjU4MWcCcrtgLGF\">ommon Ground: an international festival on the politics of land and food<\/a><\/strong><\/em><\/p>\n<div class=\"row heading-title hentry\" data-header-style=\"default_minimal\">\n<p data-hide-on-mobile=\"false\"><img fetchpriority=\"high\" decoding=\"async\" class=\"alignnone size-full wp-image-13125 alignleft\" src=\"https:\/\/chra.bard.edu\/files\/2023\/02\/CHRA_Web_Spring_2023-scaled.jpg\" alt=\"\" width=\"1656\" height=\"2560\" srcset=\"https:\/\/blogs.bard.edu\/chra\/files\/2023\/02\/CHRA_Web_Spring_2023-scaled.jpg 1656w, https:\/\/blogs.bard.edu\/chra\/files\/2023\/02\/CHRA_Web_Spring_2023-768x1187.jpg 768w, https:\/\/blogs.bard.edu\/chra\/files\/2023\/02\/CHRA_Web_Spring_2023-994x1536.jpg 994w, https:\/\/blogs.bard.edu\/chra\/files\/2023\/02\/CHRA_Web_Spring_2023-1325x2048.jpg 1325w, https:\/\/blogs.bard.edu\/chra\/files\/2023\/02\/CHRA_Web_Spring_2023-500x773.jpg 500w\" sizes=\"(max-width: 1656px) 100vw, 1656px\" \/><\/p>\n<\/div>\n","protected":false},"excerpt":{"rendered":"<p>The OSUN Center for Human Rights and the Arts at Bard College (CHRA) is pleased to announce its Spring 2023 public programming. The new lineup, listed below, includes online talks, [&hellip;]<\/p>\n","protected":false},"author":1406,"featured_media":0,"comment_status":"open","ping_status":"open","sticky":false,"template":"","format":"standard","meta":{"_acf_changed":false,"_jetpack_memberships_contains_paid_content":false,"footnotes":"","_links_to":"","_links_to_target":""},"categories":[82],"tags":[180],"class_list":["post-13124","post","type-post","status-publish","format-standard","hentry","category-news","tag-spring-2023"],"acf":[],"jetpack_featured_media_url":"","jetpack_sharing_enabled":true,"_links":{"self":[{"href":"https:\/\/blogs.bard.edu\/chra\/wp-json\/wp\/v2\/posts\/13124","targetHints":{"allow":["GET"]}}],"collection":[{"href":"https:\/\/blogs.bard.edu\/chra\/wp-json\/wp\/v2\/posts"}],"about":[{"href":"https:\/\/blogs.bard.edu\/chra\/wp-json\/wp\/v2\/types\/post"}],"author":[{"embeddable":true,"href":"https:\/\/blogs.bard.edu\/chra\/wp-json\/wp\/v2\/users\/1406"}],"replies":[{"embeddable":true,"href":"https:\/\/blogs.bard.edu\/chra\/wp-json\/wp\/v2\/comments?post=13124"}],"version-history":[{"count":19,"href":"https:\/\/blogs.bard.edu\/chra\/wp-json\/wp\/v2\/posts\/13124\/revisions"}],"predecessor-version":[{"id":13151,"href":"https:\/\/blogs.bard.edu\/chra\/wp-json\/wp\/v2\/posts\/13124\/revisions\/13151"}],"wp:attachment":[{"href":"https:\/\/blogs.bard.edu\/chra\/wp-json\/wp\/v2\/media?parent=13124"}],"wp:term":[{"taxonomy":"category","embeddable":true,"href":"https:\/\/blogs.bard.edu\/chra\/wp-json\/wp\/v2\/categories?post=13124"},{"taxonomy":"post_tag","embeddable":true,"href":"https:\/\/blogs.bard.edu\/chra\/wp-json\/wp\/v2\/tags?post=13124"}],"curies":[{"name":"wp","href":"https:\/\/api.w.org\/{rel}","templated":true}]}}